{"id":89,"date":"2011-05-17T00:59:09","date_gmt":"2011-05-16T22:59:09","guid":{"rendered":"http:\/\/www.janezkotar.com\/fotografija\/?p=89"},"modified":"2011-06-20T06:07:15","modified_gmt":"2011-06-20T04:07:15","slug":"potretni-ali-reportazni-slog","status":"publish","type":"post","link":"https:\/\/www.janezkotar.com\/fotografija\/potretni-ali-reportazni-slog\/","title":{"rendered":"Potretni ali reporta\u017eni slog poro\u010dne fotografije?"},"content":{"rendered":"<p>Ko prebira\u0161 nasvete za izbiro poro\u010dnega fotografa, zelo pogosto najde\u0161 ravno slog fotografije kot tisti klju\u010dni dejavnik, na podlagi katerega se lahko mladoporo\u010denca odlo\u010data. Sicer so kategorije kot npr. klasi\u010dni slog, moderni slog,&#8230; vsaj za moj okus sicer dokaj nejasno opredeljene. Na prvi pogled \u0161e najbolj jasna je ona lo\u010dnica med portretnim in pa reporta\u017enim slogov. Pa si poglejmo prav to.<\/p>\n<p>Takole iz glave na prvo \u017eogo bi vsak rekel, da pa\u010d portretni poro\u010dni fotograf dela portrete, reporta\u017eni pa reporta\u017eo. Ali se res da narediti poro\u010dno reporta\u017eo brez portretov ali pa ravno obratno &#8211; iz samih portretov reporta\u017eo? Ho\u010dem re\u010di &#8211; ali obstaja zelo jasna lo\u010dnica med enim in drugih slogom poro\u010dne fotografije? Morda pridemo \u0161e najbli\u017eje tej razmejitvi, \u010de se premaknemo slabo stoletje v preteklost. Takrat se je poro\u010dna fotografija vrtela zgolj okrog portretnega dela &#8211; skrbno premi\u0161ljene in svetlobno dodelane postavitve mladoporo\u010dencev, njunih sorodnikov, svatov,&#8230; Po drugi strani pa se je tedaj tudi porajal povsem druga\u010den reporta\u017eni pristop &#8211; fotoaparat, nekaj filmov ter \u010dim bolj neopazno delo.<\/p>\n<p>Dandanes ga verjetno ni poro\u010dnega fotografa, za katerega bi kritiki lahko rekli, da je zgolj \u010dista oblika portretnega ali pa reporta\u017enega fotografa. Noben t.i. klasi\u010dni oz. portretni poro\u010dni fotograf se ne bo odpovedal mo\u017enosti, da sem in tja naredi tudi nekaj bolj spontanega. Prav tako bo vsakega reporta\u017enika vsaj pri poziranju mladoporo\u010dencev, star\u0161ev in ostalih svatov doletelo, da bo pa\u010d moral pose\u010di v dogajanje in &#8220;re\u017eirati&#8221; celotno sceno. Seveda pa je zelo na mestu vpra\u0161anje, kako dober bo nekdo v ve\u0161\u010dini, ki mu ni blizu oz. nima z njo dovolj izku\u0161enj in znanja.<\/p>\n<p>Tudi pri nas verjetno ni poro\u010dnega fotografa, ki bi se sam \u017eelel opredeliti kot klasi\u010dni portretni poro\u010dni fotograf. Tudi v fotografiji je namre\u010d \u017ee dolgo znan princip &#8220;resni\u010dnostnih \u0161ovov&#8221;, kjer se posku\u0161a prikazati vse \u010dim bolj tako, da zgleda spontano in naravno &#8211; z dolo\u010denimi omejitvami seveda. Ali je potem ta tako zelo jasna razdelitev med slogi poro\u010dnih fotografov sploh na mestu? Morda bi bilo mnogo bolje re\u010di nekaj v smislu: &#8220;Ta poro\u010dni fotograf je pa zelo dober pri svoje reporta\u017enem delu, medtem ko mu portretni del ne le\u017ei najbolje.&#8221; Ali pa ravno obratno: &#8220;Poro\u010dni portreti tega fotografa so zares dobri, pri reporta\u017enem delu pa se vidi, da \u0161e nekaj manjka&#8230;&#8221;<br \/>\n[fbshare]<br \/>\n[wp_connect_comments href=&#8221;&#8221; width=&#8221;500&#8243; num_posts=&#8221;6&#8243; colorscheme=&#8221;light&#8221; \/]<br \/>\n<!-- Facebook Badge START --><a href=\"http:\/\/www.facebook.com\/JanezKotarPhotography\" target=\"_TOP\" style=\"font-family: &quot;lucida grande&quot;,tahoma,verdana,arial,sans-serif; font-size: 11px; font-variant: normal; font-style: normal; font-weight: normal; color: #3B5998; text-decoration: none;\" title=\"Janez Kotar Photography\">Janez Kotar Photography<\/a><br \/><a href=\"http:\/\/www.facebook.com\/JanezKotarPhotography\" target=\"_TOP\" title=\"Janez Kotar Photography\"><img loading=\"lazy\" decoding=\"async\" src=\"http:\/\/www.janezkotar.com\/fotografija\/files\/2011\/06\/FB_Badge.png\" width=\"300\" height=\"84\" style=\"border: 0px;\" \/><\/a><!-- Facebook Badge END --><br \/>\n[wp_connect_like_button href=&#8221;http:\/\/www.facebook.com\/JanezKotarPhotography&#8221; send_button=&#8221;disabled&#8221; layout=&#8221;standard&#8221; width=&#8221;600&#8243; show_faces=&#8221;enabled&#8221; verb=&#8221;like&#8221; colorscheme=&#8221;light&#8221; font=&#8221;arial&#8221; ref=&#8221;&#8221; \/]<\/p>\n","protected":false},"excerpt":{"rendered":"<p>Ko prebira\u0161 nasvete za izbiro poro\u010dnega fotografa, zelo pogosto najde\u0161 ravno slog fotografije kot tisti klju\u010dni dejavnik, na podlagi katerega se lahko mladoporo\u010denca odlo\u010data. Sicer so kategorije kot npr. klasi\u010dni slog, moderni slog,&#8230; vsaj za moj okus sicer dokaj nejasno opredeljene. Na prvi pogled \u0161e najbolj jasna je ona lo\u010dnica med portretnim in pa reporta\u017enim slogov. Pa si poglejmo prav to. Takole iz glave na prvo \u017eogo bi vsak rekel, da pa\u010d portretni poro\u010dni fotograf dela portrete, reporta\u017eni pa reporta\u017eo. Ali se res da narediti poro\u010dno reporta\u017eo brez portretov ali pa ravno obratno &#8211; iz samih portretov reporta\u017eo? Ho\u010dem re\u010di &#8211; ali obstaja zelo jasna lo\u010dnica med enim in drugih slogom poro\u010dne fotografije? Morda pridemo \u0161e najbli\u017eje tej razmejitvi, \u010de se premaknemo slabo stoletje v preteklost. Takrat se je poro\u010dna fotografija vrtela zgolj okrog portretnega dela &#8211; skrbno premi\u0161ljene in svetlobno dodelane postavitve mladoporo\u010dencev, njunih sorodnikov, svatov,&#8230; Po drugi strani pa se je tedaj tudi porajal povsem druga\u010den reporta\u017eni pristop &#8211; fotoaparat, nekaj filmov ter \u010dim bolj neopazno delo. Dandanes ga verjetno ni poro\u010dnega fotografa, za katerega bi kritiki lahko rekli, da je zgolj \u010dista oblika portretnega ali pa reporta\u017enega fotografa. Noben t.i. klasi\u010dni oz. portretni poro\u010dni fotograf se ne bo odpovedal mo\u017enosti, da sem in tja naredi tudi nekaj bolj spontanega. Prav tako bo vsakega reporta\u017enika vsaj pri poziranju mladoporo\u010dencev, star\u0161ev in ostalih svatov doletelo, da bo pa\u010d moral pose\u010di v dogajanje in &#8220;re\u017eirati&#8221; celotno sceno. Seveda pa je zelo na mestu vpra\u0161anje, kako dober bo nekdo v ve\u0161\u010dini, <a class=\"read-more\" href=\"https:\/\/www.janezkotar.com\/fotografija\/potretni-ali-reportazni-slog\/\">Continue Reading &#8594;<\/a><\/p>\n","protected":false},"author":3,"featured_media":0,"comment_status":"closed","ping_status":"closed","sticky":false,"template":"","format":"standard","meta":{"footnotes":""},"categories":[4],"tags":[],"class_list":["post-89","post","type-post","status-publish","format-standard","hentry","category-porocna-foto-razmisljanja"],"_links":{"self":[{"href":"https:\/\/www.janezkotar.com\/fotografija\/wp-json\/wp\/v2\/posts\/89","targetHints":{"allow":["GET"]}}],"collection":[{"href":"https:\/\/www.janezkotar.com\/fotografija\/wp-json\/wp\/v2\/posts"}],"about":[{"href":"https:\/\/www.janezkotar.com\/fotografija\/wp-json\/wp\/v2\/types\/post"}],"author":[{"embeddable":true,"href":"https:\/\/www.janezkotar.com\/fotografija\/wp-json\/wp\/v2\/users\/3"}],"replies":[{"embeddable":true,"href":"https:\/\/www.janezkotar.com\/fotografija\/wp-json\/wp\/v2\/comments?post=89"}],"version-history":[{"count":6,"href":"https:\/\/www.janezkotar.com\/fotografija\/wp-json\/wp\/v2\/posts\/89\/revisions"}],"predecessor-version":[{"id":221,"href":"https:\/\/www.janezkotar.com\/fotografija\/wp-json\/wp\/v2\/posts\/89\/revisions\/221"}],"wp:attachment":[{"href":"https:\/\/www.janezkotar.com\/fotografija\/wp-json\/wp\/v2\/media?parent=89"}],"wp:term":[{"taxonomy":"category","embeddable":true,"href":"https:\/\/www.janezkotar.com\/fotografija\/wp-json\/wp\/v2\/categories?post=89"},{"taxonomy":"post_tag","embeddable":true,"href":"https:\/\/www.janezkotar.com\/fotografija\/wp-json\/wp\/v2\/tags?post=89"}],"curies":[{"name":"wp","href":"https:\/\/api.w.org\/{rel}","templated":true}]}}