{"id":54,"date":"2011-04-19T06:04:28","date_gmt":"2011-04-19T06:04:28","guid":{"rendered":"http:\/\/www.janezkotar.com\/fotografija\/?p=54"},"modified":"2011-06-20T06:09:27","modified_gmt":"2011-06-20T04:09:27","slug":"porocna-fotografija-obrt-ali-umetnost","status":"publish","type":"post","link":"https:\/\/www.janezkotar.com\/fotografija\/porocna-fotografija-obrt-ali-umetnost\/","title":{"rendered":"Poro\u010dna fotografija &#8211; obrt ali umetnost?"},"content":{"rendered":"<p>Zadnji\u010d v Londonu me je pot spet zanesla v Tate Modern Gallery. V to galerijo se res spla\u010da zaiti &#8211; modernisti\u010dna stavba, v njej pa toliko pomembnih umetni\u0161kih eksponatov dvajsetega stoletja. V predvajalnici vrtijo polurni film &#8211; sprehod skozi moderni \u010das, njegove umetnike in njihove stvaritve. \u010ce pustim ob strani ostale sti\u010dne to\u010dke (s \u010dlove\u0161kega vidika je prav presenetljivo, koliko osebnostnih te\u017eav se skriva v izrazih umetnikov), je skupni imenovalec vse velikih umetni\u0161kih dose\u017ekov pomemben korak naprej &#8211; nekaj, \u010desar prej \u0161e ni bilo, \u010desar ni ustvarih \u0161e nih\u010de drug. Potem med temi umetni\u0161kimi eksponati najde\u0161 star kombi, wc \u0161koljko, \u0161katlo od pralnega pra\u0161ka in podobno.<\/p>\n<p>Kako bi morala potem izgledati umetni\u0161ka poro\u010dna fotografija? Morala bi pripovedovati neka izjemno novega (ne zgolj druga\u010dnega) &#8211; nekaj, kar nih\u010de pred tem \u0161e ni prikazal, nekaj, kar bi izstopilo iz povpre\u010dja, nekaj \u010disto druga\u010dnega. \u010ceprav se \u017ee skoraj celo svoje \u017eivljenje ukvarjam z umetnostjo (glasbeno \u0161e nekaj let ve\u010d kot fotografsko), mi ni\u010d tako novega (umetni\u0161kega) ne pade na pamet. Ampak morda vseeno poskusim nekaj manj konvecionalnih idej: poro\u010dna fotografija brez poroke, poro\u010dna fotografija brez neveste in svatov, poro\u010dna fotografija brez ene same fotografije,&#8230; Hmm &#8211; me prav zanima, kak\u0161no navdu\u0161enje bi vzbudil tak &#8220;umetni\u0161ki&#8221; pristop pri \u017eeninu in nevesti!<\/p>\n<p>Kaj pa nekaj malo manj ekstremnega? Ali lahko zgolj lepim (v\u0161e\u010dnim) izdelkom dobrega poro\u010dnega fotografa re\u010demo, da so umetni\u0161ki? Verjetno bolj te\u017eko. Namre\u010d prakti\u010dno vse, kar dandanes ujame\u0161 s fotoaparatom, je bilo \u017ee nekje in neko\u010d prikazano. V \u010dasu interneta je to &#8220;neizvirnost&#8221; mo\u017eno dokaj enostavno preveriti. Najde\u0161 eno fascinantno poro\u010dno fotografijo, se malo obrne\u0161 okoli in kaj kmalu bo\u0161 na\u0161el nekaj podobnega, primerljivega,&#8230; V bistvu gre pri fotografiji za same plagiate.<\/p>\n<p>Kaj pa smo poro\u010dni fotografi, \u010de nismo umetniki? Kaj sploh po\u010dnemo, \u010de ne ustvarjamo ne\u010desa novega? Verjetno bi nam bilo \u0161e najbolje re\u010di obrtniki. Smo namre\u010d tisti, ki imamo znanje, izku\u0161nje in motivacijo, da zmoremo poro\u010dni dan prika\u017eemo na na\u010din, ki bo v\u0161e\u010den nevesti, \u017eeninu in vsem ostalim. Ampak ta izdelek bo seveda dale\u010d od umetnosti &#8211; bo zgolj bolj\u0161i ali slab\u0161i obrtni\u0161ki izdelek (glede na to, kako dober &#8220;obrtnik&#8221; je posamezen fotograf).<\/p>\n<p>Pa se moramo sploh sekirati zaradi tega? Hmmm &#8211; zares ne verjamem, kdo bi se na\u0161el, ki bi bil pripravljen pla\u010dati za pravi umetni\u0161ki izdelek na svoji poroki. A si lahko zamislimo, kako bi se odvijala poro\u010dna zabava, \u010de bi namesto kakovostne (obrtni\u0161ke) glasbene skupine, skupina pravih umetnikov kar sproti ustvarjala in izvajala povsem sodobno (umetni\u0161ko) glasbo?<br \/>\n[fbshare]<br \/>\n[wp_connect_comments href=&#8221;&#8221; width=&#8221;500&#8243; num_posts=&#8221;6&#8243; colorscheme=&#8221;light&#8221; \/]<br \/>\n<!-- Facebook Badge START --><a href=\"http:\/\/www.facebook.com\/JanezKotarPhotography\" target=\"_TOP\" style=\"font-family: &quot;lucida grande&quot;,tahoma,verdana,arial,sans-serif; font-size: 11px; font-variant: normal; font-style: normal; font-weight: normal; color: #3B5998; text-decoration: none;\" title=\"Janez Kotar Photography\">Janez Kotar Photography<\/a><br \/><a href=\"http:\/\/www.facebook.com\/JanezKotarPhotography\" target=\"_TOP\" title=\"Janez Kotar Photography\"><img loading=\"lazy\" decoding=\"async\" src=\"http:\/\/www.janezkotar.com\/fotografija\/files\/2011\/06\/FB_Badge.png\" width=\"300\" height=\"84\" style=\"border: 0px;\" \/><\/a><!-- Facebook Badge END --><br \/>\n[wp_connect_like_button href=&#8221;http:\/\/www.facebook.com\/JanezKotarPhotography&#8221; send_button=&#8221;disabled&#8221; layout=&#8221;standard&#8221; width=&#8221;600&#8243; show_faces=&#8221;enabled&#8221; verb=&#8221;like&#8221; colorscheme=&#8221;light&#8221; font=&#8221;arial&#8221; ref=&#8221;&#8221; \/]<\/p>\n","protected":false},"excerpt":{"rendered":"<p>Zadnji\u010d v Londonu me je pot spet zanesla v Tate Modern Gallery. V to galerijo se res spla\u010da zaiti &#8211; modernisti\u010dna stavba, v njej pa toliko pomembnih umetni\u0161kih eksponatov dvajsetega stoletja. V predvajalnici vrtijo polurni film &#8211; sprehod skozi moderni \u010das, njegove umetnike in njihove stvaritve. \u010ce pustim ob strani ostale sti\u010dne to\u010dke (s \u010dlove\u0161kega vidika je prav presenetljivo, koliko osebnostnih te\u017eav se skriva v izrazih umetnikov), je skupni imenovalec vse velikih umetni\u0161kih dose\u017ekov pomemben korak naprej &#8211; nekaj, \u010desar prej \u0161e ni bilo, \u010desar ni ustvarih \u0161e nih\u010de drug. Potem med temi umetni\u0161kimi eksponati najde\u0161 star kombi, wc \u0161koljko, \u0161katlo od pralnega pra\u0161ka in podobno. Kako bi morala potem izgledati umetni\u0161ka poro\u010dna fotografija? Morala bi pripovedovati neka izjemno novega (ne zgolj druga\u010dnega) &#8211; nekaj, kar nih\u010de pred tem \u0161e ni prikazal, nekaj, kar bi izstopilo iz povpre\u010dja, nekaj \u010disto druga\u010dnega. \u010ceprav se \u017ee skoraj celo svoje \u017eivljenje ukvarjam z umetnostjo (glasbeno \u0161e nekaj let ve\u010d kot fotografsko), mi ni\u010d tako novega (umetni\u0161kega) ne pade na pamet. Ampak morda vseeno poskusim nekaj manj konvecionalnih idej: poro\u010dna fotografija brez poroke, poro\u010dna fotografija brez neveste in svatov, poro\u010dna fotografija brez ene same fotografije,&#8230; Hmm &#8211; me prav zanima, kak\u0161no navdu\u0161enje bi vzbudil tak &#8220;umetni\u0161ki&#8221; pristop pri \u017eeninu in nevesti! Kaj pa nekaj malo manj ekstremnega? Ali lahko zgolj lepim (v\u0161e\u010dnim) izdelkom dobrega poro\u010dnega fotografa re\u010demo, da so umetni\u0161ki? Verjetno bolj te\u017eko. Namre\u010d prakti\u010dno vse, kar dandanes ujame\u0161 s fotoaparatom, je bilo \u017ee nekje in neko\u010d prikazano. V \u010dasu interneta je to &#8220;neizvirnost&#8221; <a class=\"read-more\" href=\"https:\/\/www.janezkotar.com\/fotografija\/porocna-fotografija-obrt-ali-umetnost\/\">Continue Reading &#8594;<\/a><\/p>\n","protected":false},"author":3,"featured_media":0,"comment_status":"closed","ping_status":"closed","sticky":false,"template":"","format":"standard","meta":{"footnotes":""},"categories":[4],"tags":[],"class_list":["post-54","post","type-post","status-publish","format-standard","hentry","category-porocna-foto-razmisljanja"],"_links":{"self":[{"href":"https:\/\/www.janezkotar.com\/fotografija\/wp-json\/wp\/v2\/posts\/54","targetHints":{"allow":["GET"]}}],"collection":[{"href":"https:\/\/www.janezkotar.com\/fotografija\/wp-json\/wp\/v2\/posts"}],"about":[{"href":"https:\/\/www.janezkotar.com\/fotografija\/wp-json\/wp\/v2\/types\/post"}],"author":[{"embeddable":true,"href":"https:\/\/www.janezkotar.com\/fotografija\/wp-json\/wp\/v2\/users\/3"}],"replies":[{"embeddable":true,"href":"https:\/\/www.janezkotar.com\/fotografija\/wp-json\/wp\/v2\/comments?post=54"}],"version-history":[{"count":8,"href":"https:\/\/www.janezkotar.com\/fotografija\/wp-json\/wp\/v2\/posts\/54\/revisions"}],"predecessor-version":[{"id":224,"href":"https:\/\/www.janezkotar.com\/fotografija\/wp-json\/wp\/v2\/posts\/54\/revisions\/224"}],"wp:attachment":[{"href":"https:\/\/www.janezkotar.com\/fotografija\/wp-json\/wp\/v2\/media?parent=54"}],"wp:term":[{"taxonomy":"category","embeddable":true,"href":"https:\/\/www.janezkotar.com\/fotografija\/wp-json\/wp\/v2\/categories?post=54"},{"taxonomy":"post_tag","embeddable":true,"href":"https:\/\/www.janezkotar.com\/fotografija\/wp-json\/wp\/v2\/tags?post=54"}],"curies":[{"name":"wp","href":"https:\/\/api.w.org\/{rel}","templated":true}]}}