{"id":33,"date":"2011-04-04T21:59:21","date_gmt":"2011-04-04T21:59:21","guid":{"rendered":"http:\/\/www.janezkotar.com\/fotografija\/?p=33"},"modified":"2011-06-20T07:23:02","modified_gmt":"2011-06-20T05:23:02","slug":"vsake-oci-imajo-svojega-malarja","status":"publish","type":"post","link":"https:\/\/www.janezkotar.com\/fotografija\/vsake-oci-imajo-svojega-malarja\/","title":{"rendered":"Vsake o\u010di imajo svojega malarja"},"content":{"rendered":"<p>Literarno delo ni kon\u010dano takrat, ko je napisano in gre v tisk &#8211; kon\u010dano je \u0161ele v rokah bralca, ko gredo njegove o\u010di po besedah, stavkih, straneh &#8211; ko se v njegovi glavi slikajo podobe, zbujajo spomini in ob\u010dutja&#8230;<\/p>\n<p>S fotografijo je podobno &#8211; fotografov izdelek je \u0161ele pol poti do trenutka, ko fotografija o\u017eivi. Ravno ta subjektivni\/opazoval\u010dev vidik je najpomembnej\u0161i razlog, da se tako te\u017eko zedinimo, kaj je v fotografiji bolj\u0161e in kaj slab\u0161e. Vedno se mi dogaja, da se moram, ko pripravljam npr. razstavo ali kaj podobnega, kjer je potrebno izbrati zares ozek nabor fotografij, v nekem trenutku s kom posvetovati. Fotografije, ki sem jih posnel, namre\u010d zame nosijo \u0161e vso paleto dogodkov in ob\u010dutkov trenutka, v katerem so nastale. In prav teh mojih ob\u010dutij tudi s \u010dasovne distance ne morem nikoli povsem izlo\u010diti in pogledati svojo fotografijo zgolj kot &#8220;nepristranski&#8221; opazovalec.<\/p>\n<p>Zadnji\u010d sem si precej hitro listal po dobrih poro\u010dnih foto knjigah. Nisem se kaj posebno ukvarjal z vsako poro\u010dno fotografijo posebej &#8211; mnogo bolj so me zanimali moji ob\u010dutki ob prelistavanju strani. Res je, da se nisem ravno tipi\u010den opazovalec poro\u010dnih foto knjig &#8211; preve\u010d\u00a0gledam\u00a0skozi o\u010di osebnega sloga fotografa, oblikovalca,&#8230; A vendar so bile na papirju zgolj poro\u010dne fotografije. Seveda bi bila zgodba povsem druga\u010dna, \u010de bi se na teh fotografijah zna\u0161el tudi sam. V meni bi se nekaj zganilo &#8211; na dan bi privreli vsi ob\u010dutki tistega dne&#8230; Ob tem razmi\u0161ljanju me je hkrati preblisknilo, kako grozno se mora\u0161 po\u010dutiti, ko pa pred sabo nima\u0161 dobre poro\u010dne fotografije temve\u010d zgolj podpovpre\u010den izdelek in ve\u0161, da je trenutek, ko bi lahko \u0161e kaj spremenil, popravil,&#8230; mimo in zares ne more\u0161 ni\u010desar ve\u010d storiti.<\/p>\n<p>Zamislimo si, kako bi zgledalo v nami\u0161ljeni situaciji, kjer bi v roke dobil dve dobri poro\u010dni foto knjigi &#8211; na eni bi bili neki neznani ljudje, druga pa bi bila tvoja. Nedvomno bi se ti zdela tvoja neprimerno bolj\u0161a &#8211; bila bi polna lepega &#8211; vsega tistega, kar sam nisi uspel videti na fotografov na\u010din, kar ti zna pri\u010darati dobra poro\u010dna fotografija. Ta foto knjiga bi bila \u017eiva &#8211; v njej bi bil pomemben del tebe.<\/p>\n<p>Skozi svoj subjektivni pogled vrednotimo svet okoli sebe, vsako stvar vidimo zgolj skozi svoje o\u010di. Pred skoraj desetletjem sem med fotografskimi forumskimi razpravami prebral zanimivo vpra\u0161anje. Kaj bi re\u0161eval iz gore\u010de hi\u0161e: popolno fotografijo, krajino slavnega fotografa ali edini in podpovpre\u010den ter starostno na\u010det portret svoje pokojne stare mame, na katero te ve\u017eejo sami lepi spomini v \u010dasu tvojega odra\u0161\u010danja? Skozi ta vidik je mnogo la\u017eje razumeti, kako lahko kdo hvali, fotografsko gledano, zelo klavrn izdelek poro\u010dne fotografije.<\/p>\n<p>\u0160e nekaj sicer iz drugega podro\u010dja. Je kdo morda \u017ee sre\u010dal koga, ki bi za svojega novo rojenega otroka razlagal, da je grd?<br \/>\n[fbshare]<br \/>\n[wp_connect_comments href=&#8221;&#8221; width=&#8221;500&#8243; num_posts=&#8221;6&#8243; colorscheme=&#8221;light&#8221; \/]<br \/>\n<!-- Facebook Badge START --><a href=\"http:\/\/www.facebook.com\/JanezKotarPhotography\" target=\"_TOP\" style=\"font-family: &quot;lucida grande&quot;,tahoma,verdana,arial,sans-serif; font-size: 11px; font-variant: normal; font-style: normal; font-weight: normal; color: #3B5998; text-decoration: none;\" title=\"Janez Kotar Photography\">Janez Kotar Photography<\/a><br \/><a href=\"http:\/\/www.facebook.com\/JanezKotarPhotography\" target=\"_TOP\" title=\"Janez Kotar Photography\"><img loading=\"lazy\" decoding=\"async\" src=\"http:\/\/www.janezkotar.com\/fotografija\/files\/2011\/06\/FB_Badge.png\" width=\"300\" height=\"84\" style=\"border: 0px;\" \/><\/a><!-- Facebook Badge END --><br \/>\n[wp_connect_like_button href=&#8221;http:\/\/www.facebook.com\/JanezKotarPhotography&#8221; send_button=&#8221;disabled&#8221; layout=&#8221;standard&#8221; width=&#8221;600&#8243; show_faces=&#8221;enabled&#8221; verb=&#8221;like&#8221; colorscheme=&#8221;light&#8221; font=&#8221;arial&#8221; ref=&#8221;&#8221; \/]<\/p>\n","protected":false},"excerpt":{"rendered":"<p>Literarno delo ni kon\u010dano takrat, ko je napisano in gre v tisk &#8211; kon\u010dano je \u0161ele v rokah bralca, ko gredo njegove o\u010di po besedah, stavkih, straneh &#8211; ko se v njegovi glavi slikajo podobe, zbujajo spomini in ob\u010dutja&#8230; S fotografijo je podobno &#8211; fotografov izdelek je \u0161ele pol poti do trenutka, ko fotografija o\u017eivi. Ravno ta subjektivni\/opazoval\u010dev vidik je najpomembnej\u0161i razlog, da se tako te\u017eko zedinimo, kaj je v fotografiji bolj\u0161e in kaj slab\u0161e. Vedno se mi dogaja, da se moram, ko pripravljam npr. razstavo ali kaj podobnega, kjer je potrebno izbrati zares ozek nabor fotografij, v nekem trenutku s kom posvetovati. Fotografije, ki sem jih posnel, namre\u010d zame nosijo \u0161e vso paleto dogodkov in ob\u010dutkov trenutka, v katerem so nastale. In prav teh mojih ob\u010dutij tudi s \u010dasovne distance ne morem nikoli povsem izlo\u010diti in pogledati svojo fotografijo zgolj kot &#8220;nepristranski&#8221; opazovalec. Zadnji\u010d sem si precej hitro listal po dobrih poro\u010dnih foto knjigah. Nisem se kaj posebno ukvarjal z vsako poro\u010dno fotografijo posebej &#8211; mnogo bolj so me zanimali moji ob\u010dutki ob prelistavanju strani. Res je, da se nisem ravno tipi\u010den opazovalec poro\u010dnih foto knjig &#8211; preve\u010d\u00a0gledam\u00a0skozi o\u010di osebnega sloga fotografa, oblikovalca,&#8230; A vendar so bile na papirju zgolj poro\u010dne fotografije. Seveda bi bila zgodba povsem druga\u010dna, \u010de bi se na teh fotografijah zna\u0161el tudi sam. V meni bi se nekaj zganilo &#8211; na dan bi privreli vsi ob\u010dutki tistega dne&#8230; Ob tem razmi\u0161ljanju me je hkrati preblisknilo, kako grozno se mora\u0161 po\u010dutiti, ko pa pred sabo nima\u0161 <a class=\"read-more\" href=\"https:\/\/www.janezkotar.com\/fotografija\/vsake-oci-imajo-svojega-malarja\/\">Continue Reading &#8594;<\/a><\/p>\n","protected":false},"author":3,"featured_media":0,"comment_status":"closed","ping_status":"closed","sticky":false,"template":"","format":"standard","meta":{"footnotes":""},"categories":[4],"tags":[],"class_list":["post-33","post","type-post","status-publish","format-standard","hentry","category-porocna-foto-razmisljanja"],"_links":{"self":[{"href":"https:\/\/www.janezkotar.com\/fotografija\/wp-json\/wp\/v2\/posts\/33","targetHints":{"allow":["GET"]}}],"collection":[{"href":"https:\/\/www.janezkotar.com\/fotografija\/wp-json\/wp\/v2\/posts"}],"about":[{"href":"https:\/\/www.janezkotar.com\/fotografija\/wp-json\/wp\/v2\/types\/post"}],"author":[{"embeddable":true,"href":"https:\/\/www.janezkotar.com\/fotografija\/wp-json\/wp\/v2\/users\/3"}],"replies":[{"embeddable":true,"href":"https:\/\/www.janezkotar.com\/fotografija\/wp-json\/wp\/v2\/comments?post=33"}],"version-history":[{"count":8,"href":"https:\/\/www.janezkotar.com\/fotografija\/wp-json\/wp\/v2\/posts\/33\/revisions"}],"predecessor-version":[{"id":42,"href":"https:\/\/www.janezkotar.com\/fotografija\/wp-json\/wp\/v2\/posts\/33\/revisions\/42"}],"wp:attachment":[{"href":"https:\/\/www.janezkotar.com\/fotografija\/wp-json\/wp\/v2\/media?parent=33"}],"wp:term":[{"taxonomy":"category","embeddable":true,"href":"https:\/\/www.janezkotar.com\/fotografija\/wp-json\/wp\/v2\/categories?post=33"},{"taxonomy":"post_tag","embeddable":true,"href":"https:\/\/www.janezkotar.com\/fotografija\/wp-json\/wp\/v2\/tags?post=33"}],"curies":[{"name":"wp","href":"https:\/\/api.w.org\/{rel}","templated":true}]}}