{"id":114,"date":"2011-05-25T14:29:44","date_gmt":"2011-05-25T12:29:44","guid":{"rendered":"http:\/\/www.janezkotar.com\/fotografija\/?p=114"},"modified":"2011-06-21T16:36:20","modified_gmt":"2011-06-21T14:36:20","slug":"ujeti-kljucne-trenutke-porocnega-dne","status":"publish","type":"post","link":"https:\/\/www.janezkotar.com\/fotografija\/ujeti-kljucne-trenutke-porocnega-dne\/","title":{"rendered":"Ujeti klju\u010dne trenutke poro\u010dnega dne"},"content":{"rendered":"<p>Izhodi\u0161\u010de mojega razmi\u0161ljanja je spet tolikokrat uporabljeni: &#8220;<em>Manj je ve\u010d!<\/em>&#8221; Ravno zadnji\u010d sem se pogovarjal s parom, pa je beseda nanesla na koli\u010dino poro\u010dnih fotografij. Bodo\u010di \u017eenin je izjavil nekaj v smislu: &#8220;<em>Saj naju zanima kakovost ne pa toliko koli\u010dina fotografij.<\/em>&#8221; Ne bi se mogel bolj strinjati z njim. Ampak &#8211; ali obstaja kak\u0161na povezava med \u0161tevilom in kvaliteto poro\u010dnih fotografij?<\/p>\n<p>Ena skrajnost je pristop navadno izpred ve\u010d let, ko smo imeli prvi\u010d v rokah digitalce. Naenkrat ti je skozi glavo \u0161inila misel: &#8220;<em>Zdaj pa ni ve\u010d potrebno \u0161teti posnetkov!<\/em>&#8221; Ni bilo ve\u010d filma, ni bilo ve\u010d skrbi, koliko te bo stalo, ko bo\u0161 odnesel razviti filme v studijo, kaj se bo zgodilo, \u010de bo\u0161 zadnjega filma poslikal samo pol in podobno. Po vstopu v &#8220;ero digitala&#8221; si tako videl mno\u017eico ljudi, ki so fotografirati v smislu: &#8220;<em>\u010ce naredim nekaj sto posnetkov, pa ni vrag, da jih bo kaj dobrih!<\/em>&#8221; Ob tem so seveda ti novodobni fotografi pozabili, da vsa ta mno\u017eica fotografij na las podobnih med seboj.<\/p>\n<p>Drugo skrajnost grem iskati kar na podro\u010dje poro\u010dne fotografije. Razmi\u0161ljanje nekaterih poro\u010dnih fotografov gre nekako takole: &#8220;<em>Dobro &#8211; na poroko sem pa\u010d pla\u010dan, kolikor sem \u017ee pla\u010dan &#8211; klju\u010dno je potem, da imam \u010dim manj dela!<\/em>&#8221; In eden &#8220;najbolj\u0161ih&#8221; receptov za to dr\u017eo je, da pa\u010d naredi\u0161 najmanj fotografij, oz. jih naredi\u0161 toliko, kot je nujno potrebno. Tako skrbi\u0161 za minimalno obrabo fotografske opreme, napolni\u0161 najmanj ra\u010dunalni\u0161kega diska, najmanj \u010dasa mora\u0161 presedeti za ra\u010dunalnikom pri izborih in obdelava &#8211; \u010de to seveda sploh po\u010dne\u0161. \u00a0&#8220;<em>Zakaj bi v enem dnevu posnel 5.000 poro\u010dnih fotografij, \u010de pa jih lahko mladoporo\u010dencema predam zgolj tistih 150 iz ponudbe? Pa\u010d posnamem vse tiste klju\u010dne fotografije z enega od seznamov obveznih fotografij, ki ga najdem na internetu. \u010ce se svatje slu\u010dajno ne dr\u017eijo najbolje v trenutku, ko pritisnem na spro\u017eilec, je to zgolj njihov problem!<\/em>&#8221;<\/p>\n<p>Kje je potem prava pot? Verjetno zopet v pravi meri. Pravih trenutkov ne more\u0161 ujeti, \u010de pri poro\u010dnem fotografiranju sedi\u0161 za mizo polno hrane ali pa se hladi\u0161 kje v senci, zraven pa razmi\u0161lja\u0161, kaj je sploh vredno tvoje pozornosti (praksa nekaterih poro\u010dnih fotografov). Pravih trenutkov ne uspe\u0161 ujeti, \u010de razmi\u0161lja\u0161, da mora\u0161 pa\u010d var\u010devati s svojo mo\u010djo (ki je seveda omejena), ker je poro\u010dni dan dolg. Ne more\u0161 jih ujeti tudi, \u010de brezglavo pritiska\u0161 na spro\u017eilec in 15 minut i\u0161\u010de\u0161 najbolj\u0161i kader istega prizora (in se zraven \u0161e malo u\u010di\u0161 o mo\u017enostih uporabe fotografske opreme). Uspe\u0161 zgolj \u010de si ves \u010das na pre\u017ei, \u010de fotoaparat v roki vseh 10, 12, 18,&#8230; ur, \u010de naredi\u0161 raje kak posnetek ve\u010d kot premalo &#8211; dobra poro\u010dna fotografija pa\u010d zahteva precej\u0161njo mero osebnega ekstremizma. Seveda to pomeni, da bo\u0161 najbolj\u0161i kondiciji navkljub \u010dutil potem utrujenost \u0161e dva dneva.<\/p>\n<p>Pa da ne bo zdaj zvenelo vse skupaj kot vzpodbujanje pritiskanja na spro\u017eilec oz \u0161tetje posnetkov. Poro\u010dna fotografija zahteva tako glavo kot tudi srce &#8211; glavo predvsem zato, da zna\u0161 razmi\u0161ljati o tem, kaj vse si \u017ee poslikal, kaj vse \u0161e bo\u0161, kako bo\u0161 s tem dosegel najve\u010djo pestrost reporta\u017ee&#8230;. &#8211; srce pa zato, da bo\u0161 znal za\u010dutiti ljudi okoli tebe, predvideti tiste kratke trenutke, ko se bo zgodilo nekaj, brez \u010desar bo tvoja reporta\u017ea zgolj povpre\u010den prikaz poro\u010dnega dne.<br \/>\n[fbshare]<br \/>\n[wp_connect_comments href=&#8221;&#8221; width=&#8221;500&#8243; num_posts=&#8221;6&#8243; colorscheme=&#8221;light&#8221; \/]<br \/>\n<!-- Facebook Badge START --><a href=\"http:\/\/www.facebook.com\/JanezKotarPhotography\" target=\"_TOP\" style=\"font-family: &quot;lucida grande&quot;,tahoma,verdana,arial,sans-serif; font-size: 11px; font-variant: normal; font-style: normal; font-weight: normal; color: #3B5998; text-decoration: none;\" title=\"Janez Kotar Photography\">Janez Kotar Photography<\/a><br \/><a href=\"http:\/\/www.facebook.com\/JanezKotarPhotography\" target=\"_TOP\" title=\"Janez Kotar Photography\"><img loading=\"lazy\" decoding=\"async\" src=\"http:\/\/www.janezkotar.com\/fotografija\/files\/2011\/06\/FB_Badge.png\" width=\"300\" height=\"84\" style=\"border: 0px;\" \/><\/a><!-- Facebook Badge END --><br \/>\n[wp_connect_like_button href=&#8221;http:\/\/www.facebook.com\/JanezKotarPhotography&#8221; send_button=&#8221;disabled&#8221; layout=&#8221;standard&#8221; width=&#8221;600&#8243; show_faces=&#8221;enabled&#8221; verb=&#8221;like&#8221; colorscheme=&#8221;light&#8221; font=&#8221;arial&#8221; ref=&#8221;&#8221; \/]<\/p>\n","protected":false},"excerpt":{"rendered":"<p>Izhodi\u0161\u010de mojega razmi\u0161ljanja je spet tolikokrat uporabljeni: &#8220;Manj je ve\u010d!&#8221; Ravno zadnji\u010d sem se pogovarjal s parom, pa je beseda nanesla na koli\u010dino poro\u010dnih fotografij. Bodo\u010di \u017eenin je izjavil nekaj v smislu: &#8220;Saj naju zanima kakovost ne pa toliko koli\u010dina fotografij.&#8221; Ne bi se mogel bolj strinjati z njim. Ampak &#8211; ali obstaja kak\u0161na povezava med \u0161tevilom in kvaliteto poro\u010dnih fotografij? Ena skrajnost je pristop navadno izpred ve\u010d let, ko smo imeli prvi\u010d v rokah digitalce. Naenkrat ti je skozi glavo \u0161inila misel: &#8220;Zdaj pa ni ve\u010d potrebno \u0161teti posnetkov!&#8221; Ni bilo ve\u010d filma, ni bilo ve\u010d skrbi, koliko te bo stalo, ko bo\u0161 odnesel razviti filme v studijo, kaj se bo zgodilo, \u010de bo\u0161 zadnjega filma poslikal samo pol in podobno. Po vstopu v &#8220;ero digitala&#8221; si tako videl mno\u017eico ljudi, ki so fotografirati v smislu: &#8220;\u010ce naredim nekaj sto posnetkov, pa ni vrag, da jih bo kaj dobrih!&#8221; Ob tem so seveda ti novodobni fotografi pozabili, da vsa ta mno\u017eica fotografij na las podobnih med seboj. Drugo skrajnost grem iskati kar na podro\u010dje poro\u010dne fotografije. Razmi\u0161ljanje nekaterih poro\u010dnih fotografov gre nekako takole: &#8220;Dobro &#8211; na poroko sem pa\u010d pla\u010dan, kolikor sem \u017ee pla\u010dan &#8211; klju\u010dno je potem, da imam \u010dim manj dela!&#8221; In eden &#8220;najbolj\u0161ih&#8221; receptov za to dr\u017eo je, da pa\u010d naredi\u0161 najmanj fotografij, oz. jih naredi\u0161 toliko, kot je nujno potrebno. Tako skrbi\u0161 za minimalno obrabo fotografske opreme, napolni\u0161 najmanj ra\u010dunalni\u0161kega diska, najmanj \u010dasa mora\u0161 presedeti za ra\u010dunalnikom pri izborih in obdelava &#8211; \u010de to seveda <a class=\"read-more\" href=\"https:\/\/www.janezkotar.com\/fotografija\/ujeti-kljucne-trenutke-porocnega-dne\/\">Continue Reading &#8594;<\/a><\/p>\n","protected":false},"author":3,"featured_media":0,"comment_status":"closed","ping_status":"closed","sticky":false,"template":"","format":"standard","meta":{"footnotes":""},"categories":[4],"tags":[],"class_list":["post-114","post","type-post","status-publish","format-standard","hentry","category-porocna-foto-razmisljanja"],"_links":{"self":[{"href":"https:\/\/www.janezkotar.com\/fotografija\/wp-json\/wp\/v2\/posts\/114","targetHints":{"allow":["GET"]}}],"collection":[{"href":"https:\/\/www.janezkotar.com\/fotografija\/wp-json\/wp\/v2\/posts"}],"about":[{"href":"https:\/\/www.janezkotar.com\/fotografija\/wp-json\/wp\/v2\/types\/post"}],"author":[{"embeddable":true,"href":"https:\/\/www.janezkotar.com\/fotografija\/wp-json\/wp\/v2\/users\/3"}],"replies":[{"embeddable":true,"href":"https:\/\/www.janezkotar.com\/fotografija\/wp-json\/wp\/v2\/comments?post=114"}],"version-history":[{"count":18,"href":"https:\/\/www.janezkotar.com\/fotografija\/wp-json\/wp\/v2\/posts\/114\/revisions"}],"predecessor-version":[{"id":246,"href":"https:\/\/www.janezkotar.com\/fotografija\/wp-json\/wp\/v2\/posts\/114\/revisions\/246"}],"wp:attachment":[{"href":"https:\/\/www.janezkotar.com\/fotografija\/wp-json\/wp\/v2\/media?parent=114"}],"wp:term":[{"taxonomy":"category","embeddable":true,"href":"https:\/\/www.janezkotar.com\/fotografija\/wp-json\/wp\/v2\/categories?post=114"},{"taxonomy":"post_tag","embeddable":true,"href":"https:\/\/www.janezkotar.com\/fotografija\/wp-json\/wp\/v2\/tags?post=114"}],"curies":[{"name":"wp","href":"https:\/\/api.w.org\/{rel}","templated":true}]}}