{"id":1,"date":"2011-03-28T00:30:59","date_gmt":"2011-03-28T00:30:59","guid":{"rendered":"http:\/\/www.janezkotar.com\/fotografija\/?p=1"},"modified":"2011-06-20T07:23:53","modified_gmt":"2011-06-20T05:23:53","slug":"dobra-porocna-fotografija","status":"publish","type":"post","link":"https:\/\/www.janezkotar.com\/fotografija\/dobra-porocna-fotografija\/","title":{"rendered":"Dobra ali slaba poro\u010dna fotografija?"},"content":{"rendered":"<p>Poro\u010dna fotografija &#8211; toliko je besed o tem, kateri poro\u010dni fotograf je bolj\u0161i, kdo zna in kdo ne zna&#8230; Vse skupaj gre v slogu prepri\u010devanja, ali je bolj\u0161i \u010dokoladni ali vanilijev sladoled. No ja &#8211; na koncu, ko vsak(a) pove, se najde nekdo s preizku\u0161eno izjavo: &#8220;vsake o\u010di imajo svojega malarja&#8221;. Pa je poro\u010dna fotografija v istem ko\u0161u kot abstraktni razstavni eksponati moderne umetni\u0161ke zbirke? So res na\u0161i okusi tako zelo razli\u010dni, da lahko nekdo za neko stvar re\u010de, da mu je super, drugi pa hkrati za isto, da je zani\u010d?<\/p>\n<p>V fotografiji se preizku\u0161amo v nate\u010dajih &#8211; tam vrstni red dolo\u010da \u017eirija, spet drugje na kak\u0161ni spletni galeriji to naredijo obiskovalci, kolegi fotografi,&#8230; Kaj pa poro\u010dna fotografija? Kdo postavlja merilo tukaj? Zgolj nate\u010daji poro\u010dne fotografije so verjetno premalo? Najbolj logi\u010den odgovor je, da so za ocenjevanje najbolj merodajni tisti, ki jim je najve\u010d do fotografij &#8211; tisti, ki nenazadnje tudi najamejo in pla\u010dajo fotografa &#8211; mladoporo\u010denci. Kako pa imajo lahko tako razli\u010dne o\u010di za fotografijo? Verjetno bi bilo precej naivno, \u010de bi zdaj trdil, da je nekaterim preprosto vseeno, \u010de se znajdejo zgolj na povpre\u010dnih, slabih ali pa dobrih fotografijah.<\/p>\n<p>Predolgo se \u017ee izmikam vpra\u0161anju denarja. Seveda &#8211; poro\u010dna fotografija ima svojo ceno in ta cena ni nujno premosorazmerna s kakovostjo. Je potrebno v ena\u010dbo vklju\u010diti \u0161e mnoge druge faktorje kot so npr. sposobnost poro\u010dnega fotografa, njegova motiviranost, umetni\u0161ka inspiracija, izku\u0161nje in nenazadnje tudi psihi\u010dna ter fizi\u010dna kondicija. Povezava med kakovostjo poro\u010dnega fotografa in pa poro\u010dno fotografijo je zelo podobna odvisnosti med fotografsko opremo in fotografom: dober fotograf zmore s povpre\u010dno opremo narediti dobre fotografije, povpre\u010dnemu fotografu pa \u0161e najbolj\u0161a oprema ne pomaga &#8211; no ja &#8211; kdaj se mu sem ali tja tudi posre\u010di. Prav zaradi te naklju\u010dne sre\u010de kakovosti poro\u010dnega fotografa ne smemo soditi zgolj po nekaj najbolj uspelih fotografijah, temve\u010d po vsem, kar ostane za prihodnja leta in desetletja.<\/p>\n<p>Torej &#8211; ko tako pogosto (sicer navadno brez prikazanih izdelkov) primerjamo izdelke razli\u010dnih poro\u010dnih fotografov, je vsekakor na mestu izjava v smislu: &#8220;na vlo\u017een evro je pa izdelek tega fotografa bolj\u0161i od onega drugega&#8221;. Hmm &#8211; tole pa \u017ee bolj spominja na nakup kak\u0161en surovine za industrijsko proizvodnjo, kot pa na storitev poro\u010dne fotografije.<\/p>\n<p>Kaj pa klju\u010dno vpra\u0161anje? Se da absolutno gledano narisati mejo med dobro in slabo poro\u010dno fotografijo brez upo\u0161tevanja vlo\u017eenega denarja? Verjamem, da se da &#8211; ampak o tem pa kdaj drugi\u010d.<br \/>\n[fbshare]<br \/>\n[wp_connect_comments href=&#8221;&#8221; width=&#8221;500&#8243; num_posts=&#8221;6&#8243; colorscheme=&#8221;light&#8221; \/]<br \/>\n<!-- Facebook Badge START --><a href=\"http:\/\/www.facebook.com\/JanezKotarPhotography\" target=\"_TOP\" style=\"font-family: &quot;lucida grande&quot;,tahoma,verdana,arial,sans-serif; font-size: 11px; font-variant: normal; font-style: normal; font-weight: normal; color: #3B5998; text-decoration: none;\" title=\"Janez Kotar Photography\">Janez Kotar Photography<\/a><br \/><a href=\"http:\/\/www.facebook.com\/JanezKotarPhotography\" target=\"_TOP\" title=\"Janez Kotar Photography\"><img loading=\"lazy\" decoding=\"async\" src=\"http:\/\/www.janezkotar.com\/fotografija\/files\/2011\/06\/FB_Badge.png\" width=\"300\" height=\"84\" style=\"border: 0px;\" \/><\/a><!-- Facebook Badge END --><br \/>\n[wp_connect_like_button href=&#8221;http:\/\/www.facebook.com\/JanezKotarPhotography&#8221; send_button=&#8221;disabled&#8221; layout=&#8221;standard&#8221; width=&#8221;600&#8243; show_faces=&#8221;enabled&#8221; verb=&#8221;like&#8221; colorscheme=&#8221;light&#8221; font=&#8221;arial&#8221; ref=&#8221;&#8221; \/]<\/p>\n","protected":false},"excerpt":{"rendered":"<p>Poro\u010dna fotografija &#8211; toliko je besed o tem, kateri poro\u010dni fotograf je bolj\u0161i, kdo zna in kdo ne zna&#8230; Vse skupaj gre v slogu prepri\u010devanja, ali je bolj\u0161i \u010dokoladni ali vanilijev sladoled. No ja &#8211; na koncu, ko vsak(a) pove, se najde nekdo s preizku\u0161eno izjavo: &#8220;vsake o\u010di imajo svojega malarja&#8221;. Pa je poro\u010dna fotografija v istem ko\u0161u kot abstraktni razstavni eksponati moderne umetni\u0161ke zbirke? So res na\u0161i okusi tako zelo razli\u010dni, da lahko nekdo za neko stvar re\u010de, da mu je super, drugi pa hkrati za isto, da je zani\u010d? V fotografiji se preizku\u0161amo v nate\u010dajih &#8211; tam vrstni red dolo\u010da \u017eirija, spet drugje na kak\u0161ni spletni galeriji to naredijo obiskovalci, kolegi fotografi,&#8230; Kaj pa poro\u010dna fotografija? Kdo postavlja merilo tukaj? Zgolj nate\u010daji poro\u010dne fotografije so verjetno premalo? Najbolj logi\u010den odgovor je, da so za ocenjevanje najbolj merodajni tisti, ki jim je najve\u010d do fotografij &#8211; tisti, ki nenazadnje tudi najamejo in pla\u010dajo fotografa &#8211; mladoporo\u010denci. Kako pa imajo lahko tako razli\u010dne o\u010di za fotografijo? Verjetno bi bilo precej naivno, \u010de bi zdaj trdil, da je nekaterim preprosto vseeno, \u010de se znajdejo zgolj na povpre\u010dnih, slabih ali pa dobrih fotografijah. Predolgo se \u017ee izmikam vpra\u0161anju denarja. Seveda &#8211; poro\u010dna fotografija ima svojo ceno in ta cena ni nujno premosorazmerna s kakovostjo. Je potrebno v ena\u010dbo vklju\u010diti \u0161e mnoge druge faktorje kot so npr. sposobnost poro\u010dnega fotografa, njegova motiviranost, umetni\u0161ka inspiracija, izku\u0161nje in nenazadnje tudi psihi\u010dna ter fizi\u010dna kondicija. Povezava med kakovostjo poro\u010dnega fotografa in pa poro\u010dno fotografijo je zelo <a class=\"read-more\" href=\"https:\/\/www.janezkotar.com\/fotografija\/dobra-porocna-fotografija\/\">Continue Reading &#8594;<\/a><\/p>\n","protected":false},"author":3,"featured_media":0,"comment_status":"closed","ping_status":"closed","sticky":false,"template":"","format":"standard","meta":{"footnotes":""},"categories":[4],"tags":[],"class_list":["post-1","post","type-post","status-publish","format-standard","hentry","category-porocna-foto-razmisljanja"],"_links":{"self":[{"href":"https:\/\/www.janezkotar.com\/fotografija\/wp-json\/wp\/v2\/posts\/1","targetHints":{"allow":["GET"]}}],"collection":[{"href":"https:\/\/www.janezkotar.com\/fotografija\/wp-json\/wp\/v2\/posts"}],"about":[{"href":"https:\/\/www.janezkotar.com\/fotografija\/wp-json\/wp\/v2\/types\/post"}],"author":[{"embeddable":true,"href":"https:\/\/www.janezkotar.com\/fotografija\/wp-json\/wp\/v2\/users\/3"}],"replies":[{"embeddable":true,"href":"https:\/\/www.janezkotar.com\/fotografija\/wp-json\/wp\/v2\/comments?post=1"}],"version-history":[{"count":11,"href":"https:\/\/www.janezkotar.com\/fotografija\/wp-json\/wp\/v2\/posts\/1\/revisions"}],"predecessor-version":[{"id":226,"href":"https:\/\/www.janezkotar.com\/fotografija\/wp-json\/wp\/v2\/posts\/1\/revisions\/226"}],"wp:attachment":[{"href":"https:\/\/www.janezkotar.com\/fotografija\/wp-json\/wp\/v2\/media?parent=1"}],"wp:term":[{"taxonomy":"category","embeddable":true,"href":"https:\/\/www.janezkotar.com\/fotografija\/wp-json\/wp\/v2\/categories?post=1"},{"taxonomy":"post_tag","embeddable":true,"href":"https:\/\/www.janezkotar.com\/fotografija\/wp-json\/wp\/v2\/tags?post=1"}],"curies":[{"name":"wp","href":"https:\/\/api.w.org\/{rel}","templated":true}]}}